{"id":414,"date":"2022-06-02T15:25:03","date_gmt":"2022-06-02T13:25:03","guid":{"rendered":"https:\/\/fatiha2022.fr\/?p=414"},"modified":"2022-06-13T14:56:08","modified_gmt":"2022-06-13T12:56:08","slug":"retour-sur-le-lancement-de-campagne","status":"publish","type":"post","link":"https:\/\/fatiha2022.fr\/index.php\/2022\/06\/02\/retour-sur-le-lancement-de-campagne\/","title":{"rendered":"Retour sur le lancement de campagne"},"content":{"rendered":"\n<p><\/p>\n\n\n\n<p><\/p>\n\n\n\n<div class=\"wp-container-5 wp-block-columns are-vertically-aligned-top\">\n<div class=\"wp-container-3 wp-block-column is-vertically-aligned-top\">\n<figure class=\"wp-container-2 wp-block-gallery-1 wp-block-gallery has-nested-images columns-default is-cropped\">\n<figure class=\"wp-block-image size-large\"><img loading=\"lazy\" width=\"1024\" height=\"768\" src=\"https:\/\/fatiha2022.fr\/wp-content\/uploads\/2022\/06\/copyright-Lucas-Duval-1-1024x768.jpg\" alt=\"\" class=\"wp-image-417\" srcset=\"https:\/\/fatiha2022.fr\/wp-content\/uploads\/2022\/06\/copyright-Lucas-Duval-1-1024x768.jpg 1024w, https:\/\/fatiha2022.fr\/wp-content\/uploads\/2022\/06\/copyright-Lucas-Duval-1-300x225.jpg 300w, https:\/\/fatiha2022.fr\/wp-content\/uploads\/2022\/06\/copyright-Lucas-Duval-1-768x576.jpg 768w, https:\/\/fatiha2022.fr\/wp-content\/uploads\/2022\/06\/copyright-Lucas-Duval-1-1536x1152.jpg 1536w, https:\/\/fatiha2022.fr\/wp-content\/uploads\/2022\/06\/copyright-Lucas-Duval-1-1200x900.jpg 1200w, https:\/\/fatiha2022.fr\/wp-content\/uploads\/2022\/06\/copyright-Lucas-Duval-1-1980x1485.jpg 1980w, https:\/\/fatiha2022.fr\/wp-content\/uploads\/2022\/06\/copyright-Lucas-Duval-1.jpg 2048w\" sizes=\"(max-width: 1024px) 100vw, 1024px\" \/><\/figure>\n\n\n\n<figure class=\"wp-block-image size-large\"><img loading=\"lazy\" width=\"985\" height=\"1024\" src=\"https:\/\/fatiha2022.fr\/wp-content\/uploads\/2022\/06\/visuel-1-985x1024.jpg\" alt=\"\" class=\"wp-image-418\" srcset=\"https:\/\/fatiha2022.fr\/wp-content\/uploads\/2022\/06\/visuel-1-985x1024.jpg 985w, https:\/\/fatiha2022.fr\/wp-content\/uploads\/2022\/06\/visuel-1-289x300.jpg 289w, https:\/\/fatiha2022.fr\/wp-content\/uploads\/2022\/06\/visuel-1-768x799.jpg 768w, https:\/\/fatiha2022.fr\/wp-content\/uploads\/2022\/06\/visuel-1.jpg 1080w\" sizes=\"(max-width: 985px) 100vw, 985px\" \/><\/figure>\n<\/figure>\n<\/div>\n\n\n\n<div class=\"wp-container-4 wp-block-column is-vertically-aligned-top\">\n<p>Les 12 et 19 juin prochain les citoyennes et les citoyens auront \u00e0 se prononcer lors d\u2019\u00e9lections qui permettront de <strong>choisir la majorit\u00e9 l\u00e9gislative qui aura \u00e0 construire l&rsquo;avenir de notre pays<\/strong> pour les cinq prochaines ann\u00e9es.<\/p>\n\n\n\n<p>S\u2019il a fallu \u00e9viter de porter l\u2019extr\u00eame droite \u00e0 l\u2019Elys\u00e9e, il s\u2019agit d\u00e9sormais de <strong>ne pas donner un blanc-seing au pr\u00e9sident <\/strong>Macron compte-tenu du bilan de son quinquennat \u00e9coul\u00e9.<\/p>\n\n\n\n<p>L\u2019enjeu est \u00e9galement \u00e0 mes yeux de <strong>ne pas donner trop de d\u00e9put\u00e9s \u00e0 une NUPES phagocyt\u00e9e par une LFI <\/strong>arrogante qui essentialise les gens et casse la R\u00e9publique.<\/p>\n\n\n\n<p>Lors des pr\u00e9sidentielles, JL M\u00e9lenchon a jou\u00e9 sur le \u00ab&nbsp;vote utile&nbsp;\u00bb et \u00ab&nbsp;la gauche au second tour&nbsp;\u00bb. Il se voit d\u00e9j\u00e0 adoub\u00e9 1<sup>er<\/sup> ministre (une tradition n\u2019est pas une obligation l\u00e9gale!) alors qu\u2019il restera comme le 1<sup>er<\/sup> politique \u00e0 avoir fait advenir le vote communautariste.<\/p>\n\n\n\n<p>Contrairement \u00e0 ce qu\u2019elle voudrait nous faire croire<strong> la NUPES n\u2019est pas l\u2019alpha et l\u2019omega de l\u2019opposition<\/strong>. Si cet accord tient au-del\u00e0 du second tour, elle ne sera jamais qu\u2019un groupe d\u2019opposition parmi d\u2019autres. Or tout d\u00e9put\u00e9 ne se r\u00e9clamant pas du macronisme ou de ses alli\u00e9s sera de fait une composante de l\u2019opposition qui si\u00e8gera \u00e0 l\u2019Assembl\u00e9e.<\/p>\n\n\n\n<p>Lundi 30 mai dernier, dans la tr\u00e8s belle salle San-Subra, mon suppl\u00e9ant Lucas Duval (PRG) et moi-m\u00eame (MRC) avons donc pr\u00e9sent\u00e9 notre candidature sur la 4<sup>\u00e8me<\/sup> circonscription de Toulouse, au titre de la Nouvelle Gauche R\u00e9publicaine, aux c\u00f4t\u00e9s des repr\u00e9sentants de la F\u00e9d\u00e9ration de la Gauche R\u00e9publicaine.<\/p>\n\n\n\n<p>Nous avons d\u00e9fendu <strong>une 3\u00e8me voie&nbsp;politique&nbsp;: une voie responsable, qui s\u2019adresse aux \u00e9lecteurs attach\u00e9s aux valeurs r\u00e9publicaines, la\u00efques, f\u00e9ministes.<\/strong><\/p>\n\n\n\n<p>J\u2019ai grandi \u00e0 Montb\u00e9liard, terre ouvri\u00e8re o\u00f9 la dignit\u00e9 passe par le travail mais dont le bassin d\u2019emploi est souffre de d\u00e9sindustrialisation.<\/p>\n\n\n\n<p>Mes 7 fr\u00e8res et moi avons \u00e9t\u00e9 \u00e9lev\u00e9s par notre m\u00e8re qui cumulait plusieurs emplois pour subvenir \u00e0 nos besoins, alors que notre p\u00e8re nous avait abandonn\u00e9s.<\/p>\n\n\n\n<p><strong>Je sais ce que je dois \u00e0 l\u2019\u00e9cole de la R\u00e9publique et \u00e0 ses professeurs.<\/strong><\/p>\n\n\n\n<p><strong>Femme de convictions<\/strong>, passionn\u00e9e, <strong>\u00e9crivaine, assesseure au Tribunal pour enfants<\/strong>, je suis souvent ironique et parfois v\u00e9h\u00e9mente face \u00e0 l\u2019injustice et au mensonge &#8211; mais jamais gratuitement, contrairement \u00e0 ce que mes adversaires politiques de LFI aiment \u00e0 faire croire d\u00e8s que je les mets face \u00e0 leurs incoh\u00e9rences.<\/p>\n\n\n\n<p><strong>Enseignante, je vis de mon m\u00e9tier et non des causes que je d\u00e9fends.<\/strong><\/p>\n\n\n\n<p>Je suis attach\u00e9e \u00e0 ce territoire o\u00f9 je r\u00e9side et enseigne l\u2019histoire-g\u00e9ographie depuis de longues ann\u00e9es.<\/p>\n\n\n\n<p>Face au capitalisme carnassier repr\u00e9sent\u00e9 par l&rsquo;ex d\u00e9put\u00e9 lobbyiste M Nogal parti en cours de mandat, et face \u00e0 la NUPES-LFI qui surfe sur le client\u00e9lisme communautariste,<strong> je repr\u00e9sente la gauche qui aime la France.<\/strong><\/p>\n\n\n\n<p>La gauche qui croit en l\u2019\u00e9mancipation individuelle et collective.<br>La gauche qui a fait ses preuves au d\u00e9partement et \u00e0 la r\u00e9gion.<\/p>\n\n\n\n<p>L\u00e0 o\u00f9 LFI voit de la violence sociale, je salue bien volontiers l\u2019exemple de la courageuse fermeture du coll\u00e8ge ghetto ethnique et social Badiou de la Reynerie par le Conseil d\u00e9partemental sous la houlette de son pr\u00e9sident Georges MERIC.<\/p>\n\n\n\n<p>Les \u00e9l\u00e8ves ont \u00e9t\u00e9 r\u00e9partis et accompagn\u00e9s, dans des classes all\u00e9g\u00e9es.<\/p>\n\n\n\n<p>Ils ont ainsi pu obtenir les m\u00eames r\u00e9sultats que les autres \u00e9l\u00e8ves.<\/p>\n\n\n\n<p>La mixit\u00e9 sociale fonctionne si elle est contr\u00f4l\u00e9e et fine (70% csp+ \/ 30%).<br><br>Si je ne peux officiellement pas me pr\u00e9valoir du soutien de la pr\u00e9sidente de R\u00e9gion Carole DELGA \u2013 soutien r\u00e9serv\u00e9 aux candidats PS injustement \u00e9vinc\u00e9s au profit de candidats NUPES impos\u00e9s au m\u00e9pris de toute logique de terrain \u2013 nous nous accordons sur le fait que je m\u2019inscris pleinement dans sa ligne&nbsp;et que nous avons la m\u00eame volont\u00e9 politique de faire vivre les valeurs r\u00e9publicaines et de construire un rassemblement dans cette perspective.<\/p>\n\n\n\n<p><strong>J\u2019affirme mon engagement pour une R\u00e9publique sociale, la\u00efque et f\u00e9ministe&nbsp;: <\/strong>non seulement on ne touche pas \u00e0 ses murs porteurs mais il s\u2019agit de les consolider.<\/p>\n\n\n\n<p>Je d\u00e9fendrai toujours les services publics car ils sont le bien de tous ceux qui n\u2019en ont pas.<br>Je d\u00e9fends au quotidien une \u00e9cole publique \u00e0 laquelle on doit redonner les moyens budg\u00e9taires et humains de fabriquer des citoyens capables de se forger une opinion, fruit d\u2019une r\u00e9flexion et non de slogans consum\u00e9ristes.<\/p>\n\n\n\n<p>Je d\u00e9fends un f\u00e9minisme universaliste car je constate que le principe d\u2019intersectionnalit\u00e9 est instrumentalis\u00e9 par les communautaristes racialistes, et fonctionne comme un c\u00e9dez-le-passage au d\u00e9triment des femmes.<br>Je plaide pour une \u00e9cologie transversale qui b\u00e9n\u00e9ficie \u00e0 tous et surtout aux classes populaires et moyennes.<\/p>\n\n\n\n<p>Je me battrai sur les questions du logement, prochaine bombe sociale.<\/p>\n\n\n\n<p>Apr\u00e8s 5 ans de rouleau compresseur macroniste et une l\u00e9gislature de d\u00e9put\u00e9s godillots, ne permettons pas \u00e0 LFI et M\u00e9lenchon d\u2019\u00e9ructer en toute h\u00e9g\u00e9monie&nbsp;:<\/p>\n\n\n\n<p class=\"has-text-align-center\"><strong>Ni casse sociale de Macron ni casse r\u00e9publicaine de M\u00e9lenchon&nbsp;!<\/strong><\/p>\n\n\n\n<p class=\"has-text-align-center\"><strong>D\u00e8s le 12 juin votez pour vos convictions&nbsp;!<\/strong><\/p>\n\n\n\n<p>Permettez-moi de conclure ainsi&nbsp;: Notre \u00e9tat nation permet \u00e0 chacun de faire des choix, d\u2019arbitrer et de raisonner en termes d&rsquo;int\u00e9r\u00eat g\u00e9n\u00e9ral. Si le m\u00e9tier de citoyen est difficile, il s\u2019agit de <strong>toujours placer l\u2019\u00c9thique avant l&rsquo;\u00e9tiquette.<\/strong><\/p>\n<\/div>\n<\/div>\n","protected":false},"excerpt":{"rendered":"<p>Les 12 et 19 juin prochain les citoyennes et les citoyens auront \u00e0 se prononcer lors d\u2019\u00e9lections qui permettront de choisir la majorit\u00e9 l\u00e9gislative qui aura \u00e0 construire l&rsquo;avenir de notre pays pour les cinq prochaines ann\u00e9es. S\u2019il a fallu \u00e9viter de porter l\u2019extr\u00eame droite \u00e0 l\u2019Elys\u00e9e, il s\u2019agit d\u00e9sormais de ne pas donner un [&hellip;]<\/p>\n","protected":false},"author":2,"featured_media":0,"comment_status":"closed","ping_status":"","sticky":false,"template":"","format":"standard","meta":[],"categories":[1],"tags":[],"_links":{"self":[{"href":"https:\/\/fatiha2022.fr\/index.php\/wp-json\/wp\/v2\/posts\/414"}],"collection":[{"href":"https:\/\/fatiha2022.fr\/index.php\/wp-json\/wp\/v2\/posts"}],"about":[{"href":"https:\/\/fatiha2022.fr\/index.php\/wp-json\/wp\/v2\/types\/post"}],"author":[{"embeddable":true,"href":"https:\/\/fatiha2022.fr\/index.php\/wp-json\/wp\/v2\/users\/2"}],"replies":[{"embeddable":true,"href":"https:\/\/fatiha2022.fr\/index.php\/wp-json\/wp\/v2\/comments?post=414"}],"version-history":[{"count":5,"href":"https:\/\/fatiha2022.fr\/index.php\/wp-json\/wp\/v2\/posts\/414\/revisions"}],"predecessor-version":[{"id":425,"href":"https:\/\/fatiha2022.fr\/index.php\/wp-json\/wp\/v2\/posts\/414\/revisions\/425"}],"wp:attachment":[{"href":"https:\/\/fatiha2022.fr\/index.php\/wp-json\/wp\/v2\/media?parent=414"}],"wp:term":[{"taxonomy":"category","embeddable":true,"href":"https:\/\/fatiha2022.fr\/index.php\/wp-json\/wp\/v2\/categories?post=414"},{"taxonomy":"post_tag","embeddable":true,"href":"https:\/\/fatiha2022.fr\/index.php\/wp-json\/wp\/v2\/tags?post=414"}],"curies":[{"name":"wp","href":"https:\/\/api.w.org\/{rel}","templated":true}]}}